{"id":650,"date":"2026-03-16T16:48:19","date_gmt":"2026-03-16T14:48:19","guid":{"rendered":"https:\/\/ifis-iz.com\/die-nacht-der-bestimmung"},"modified":"2026-03-16T16:51:48","modified_gmt":"2026-03-16T14:51:48","slug":"die-nacht-der-bestimmung","status":"publish","type":"post","link":"https:\/\/www.ifis-iz.com\/de\/die-nacht-der-bestimmung","title":{"rendered":"IFIS&#038;IZ begl\u00fcckw\u00fcnscht alle Muslime zur Nacht der Bestimmung (Lailat al-Qadr)"},"content":{"rendered":"\n<p>W\u00e4hrend sich der Ramadan in diesen Tagen seinem Ende zuneigt, erwarten wir gleichzeitig in freudiger Aufregung den H\u00f6hepunkt diesen segensreichen Monats: \u201edie Nacht der Bestimmung\u201c (lailat al-qadr) \u2013 eine Nacht, die laut dem Koran wertvoller ist als tausend Monate. <\/p>\n\n\n\n<p>Nach einer \u00dcberlieferung des Propheten Muhammad (s.a.w.) ist sie in den letzten zehn ungeraden N\u00e4chten des Ramadan zu suchen (vgl. al-Bu\u1e2b\u0101r\u012b, Lailat al-Qadr, 3; Muslim, a\u1e63-\u1e62iyam, 216.) Traditionell wird sie in der 27. Nacht des Ramadans begangen; dem gregorianischen Kalender entsprechend f\u00e4llt sie dieses Jahr in die Nacht vom 16. auf den 17. M\u00e4rz. Aus diesem Anlass gratuliert das IFIS&amp;IZ allen Muslimen zu dieser besonderen Nacht und bittet unseren Herrn, dass er all unsere Gottesdienste und Gebete im Ramadan annehmen m\u00f6ge sowie jeden von uns an seinem Segen teilhaben lasse.<\/p>\n\n\n\n<p>In dieser Nacht, die den Namen einer Sure des Koran tr\u00e4gt,\nbegann die Offenbarung der g\u00f6ttlichen Botschaft (wahy). Um die herausragende\nStellung dieser Nacht zu verdeutlichen, ist die 97. Sure des Korans dieser\nbesonderen Nacht gewidmet: \u201eWir haben ihn in der Nacht der Bestimmung hinabgesandt.\nWoher sollst du wissen, was die Nacht der Bestimmung ist? Die Nacht der\nBestimmung ist besser als tausend Monate. Die Engel und der Geist kommen in ihr\nmit der Erlaubnis ihres Herrn herab mit jedem Anliegen. Voller Frieden ist sie\nbis zum Aufgang der Morgenr\u00f6te.\u201c (Koran: 97\/1-5).<\/p>\n\n\n\n<p>Daher rief der Gesandte Gottes die Muslime dazu auf, diese\nNacht in w\u00fcrdiger Weise mit Gottesdiensten zu verbringen. Zudem versprach er\nuns, dass die Bittgebete in jener Nacht besondere Erf\u00fcllung erhalten und S\u00fcnden\nvergeben werden: \u201eWer die Nacht der Bestimmung begeht, indem er ihre Bedeutung\nund Vorz\u00fcglichkeit w\u00fcrdigt und dabei seinen Lohn von Allah erhofft, dem werden\nseine vorausgegangenen S\u00fcnden erlassen.\u201c (al-Bu\u1e2b\u0101r\u012b, Tar\u0101w\u012b\u1e25, 2;Muslim, a\u1e63-\u1e62al\u0101t,\n25). Au\u00dferdem legte er uns f\u00fcr diese Nacht folgendes Gebet nahe: \u201eO Allah! Du\nbist der Vergebende und liebst es zu vergeben. So vergib auch mir.\u201c (at-Tirmi\u1e0f\u012b,\nDa\u02bfaw\u0101t, 84) <\/p>\n\n\n\n<p>So sollten auch wir diese Nacht dazu nutzen, unsere\nFehltaten und S\u00fcnden zu bereuen sowie aufrichtige Bu\u00dfe vor unserem Herrn\nabzulegen. M\u00f6ge diese Nacht als ein g\u00f6ttliches Geschenk zur Nacht der Vergebung\nunserer S\u00fcnden werden. In der Hoffnung, dass Gott uns das Ramadan-Fest in\nGesundheit, Wohlbefinden und Gl\u00fcck erreichen l\u00e4sst, gelten unsere Gebete auch der\nEinkehr von Frieden und Liebe sowie Eintracht und Br\u00fcderlichkeit in aller Welt.<\/p>\n","protected":false},"excerpt":{"rendered":"<p>W\u00e4hrend sich der Ramadan in diesen Tagen seinem Ende zuneigt, erwarten wir gleichzeitig in freudiger Aufregung den H\u00f6hepunkt diesen segensreichen Monats: \u201edie Nacht der Bestimmung\u201c (lailat al-qadr) \u2013 eine Nacht, die laut dem Koran wertvoller ist als tausend Monate. Nach einer \u00dcberlieferung des Propheten Muhammad (s.a.w.) ist sie in den letzten zehn ungeraden N\u00e4chten des [&hellip;]<\/p>\n","protected":false},"author":1,"featured_media":8821,"comment_status":"closed","ping_status":"open","sticky":false,"template":"","format":"standard","meta":{"footnotes":""},"categories":[257],"tags":[],"class_list":["post-650","post","type-post","status-publish","format-standard","has-post-thumbnail","hentry","category-botschaften"],"_links":{"self":[{"href":"https:\/\/www.ifis-iz.com\/de\/wp-json\/wp\/v2\/posts\/650","targetHints":{"allow":["GET"]}}],"collection":[{"href":"https:\/\/www.ifis-iz.com\/de\/wp-json\/wp\/v2\/posts"}],"about":[{"href":"https:\/\/www.ifis-iz.com\/de\/wp-json\/wp\/v2\/types\/post"}],"author":[{"embeddable":true,"href":"https:\/\/www.ifis-iz.com\/de\/wp-json\/wp\/v2\/users\/1"}],"replies":[{"embeddable":true,"href":"https:\/\/www.ifis-iz.com\/de\/wp-json\/wp\/v2\/comments?post=650"}],"version-history":[{"count":3,"href":"https:\/\/www.ifis-iz.com\/de\/wp-json\/wp\/v2\/posts\/650\/revisions"}],"predecessor-version":[{"id":8825,"href":"https:\/\/www.ifis-iz.com\/de\/wp-json\/wp\/v2\/posts\/650\/revisions\/8825"}],"wp:featuredmedia":[{"embeddable":true,"href":"https:\/\/www.ifis-iz.com\/de\/wp-json\/wp\/v2\/media\/8821"}],"wp:attachment":[{"href":"https:\/\/www.ifis-iz.com\/de\/wp-json\/wp\/v2\/media?parent=650"}],"wp:term":[{"taxonomy":"category","embeddable":true,"href":"https:\/\/www.ifis-iz.com\/de\/wp-json\/wp\/v2\/categories?post=650"},{"taxonomy":"post_tag","embeddable":true,"href":"https:\/\/www.ifis-iz.com\/de\/wp-json\/wp\/v2\/tags?post=650"}],"curies":[{"name":"wp","href":"https:\/\/api.w.org\/{rel}","templated":true}]}}